{"id":169,"date":"2025-09-27T12:32:26","date_gmt":"2025-09-27T12:32:26","guid":{"rendered":"https:\/\/editorapantanal.com.br\/blog\/?p=169"},"modified":"2025-09-27T12:32:27","modified_gmt":"2025-09-27T12:32:27","slug":"conflitos-socioambientais-territorialidades-luta-ebook","status":"publish","type":"post","link":"https:\/\/editorapantanal.com.br\/blog\/2025\/09\/27\/conflitos-socioambientais-territorialidades-luta-ebook\/","title":{"rendered":"Territorialidades, Conflitos Socioambientais e Luta"},"content":{"rendered":"\n<p>A disputa por recursos e a apropria\u00e7\u00e3o do espa\u00e7o t\u00eam gerado alguns dos embates mais complexos e urgentes da atualidade. Entender a fundo as din\u00e2micas de <strong>conflitos socioambientais<\/strong> e as estrat\u00e9gias de resist\u00eancia \u00e9 essencial para quem atua ou estuda as quest\u00f5es do <strong>territ\u00f3rio<\/strong> no Brasil e no mundo.<\/p>\n\n\n\n<p>\u00c9 com esse foco que a Editora Pantanal lan\u00e7a o eBook gratuito &#8220;<strong>Territorialidades, Conflitos Socioambientais e Perspectivas de Luta<\/strong>&#8221; uma obra fundamental que re\u00fane an\u00e1lises acad\u00eamicas e relatos de luta.<\/p>\n\n\n\n<hr class=\"wp-block-separator has-alpha-channel-opacity\"\/>\n\n\n\n<h2 class=\"wp-block-heading\">O Mapa da Resist\u00eancia: O Que o Ebook Revela<\/h2>\n\n\n\n<p>Organizado pelos pesquisadores <strong>Tiago Siqueira Reis<\/strong> e <strong>Ev\u00e2nio Mascarenhas Paulo<\/strong>, o livro \u00e9 uma colet\u00e2nea robusta que examina diversas situa\u00e7\u00f5es onde o direito ao <strong>territ\u00f3rio<\/strong> e a preserva\u00e7\u00e3o do meio ambiente se chocam com interesses econ\u00f4micos e pol\u00edticos.<\/p>\n\n\n\n<p>Os organizadores e os autores convidados trazem \u00e0 tona a complexidade das rela\u00e7\u00f5es entre os grupos sociais e o espa\u00e7o que ocupam, revelando como as <strong>territorialidades<\/strong> s\u00e3o constru\u00eddas em meio ao conflito e \u00e0 resist\u00eancia. Este n\u00e3o \u00e9 apenas um livro te\u00f3rico; \u00e9 uma ferramenta para entender a <strong>luta<\/strong> de comunidades tradicionais, povos ind\u00edgenas e movimentos sociais por seus direitos e seus modos de vida.<\/p>\n\n\n\n<hr class=\"wp-block-separator has-alpha-channel-opacity\"\/>\n\n\n\n<h2 class=\"wp-block-heading\">A Import\u00e2ncia do Olhar dos Autores<\/h2>\n\n\n\n<p>O trabalho de <strong>Tiago Siqueira Reis<\/strong> e <strong>Ev\u00e2nio Mascarenhas Paulo<\/strong> destaca-se por oferecer um arcabou\u00e7o s\u00f3lido para discuss\u00f5es que transcendem as fronteiras locais, abordando as dificuldades ligadas aos <strong>conflitos socioambientais<\/strong> de maneira cr\u00edtica e propositiva.<\/p>\n\n\n\n<p>O livro serve como um importante referencial para:<\/p>\n\n\n\n<ul class=\"wp-block-list\">\n<li><strong>Estudantes e Pesquisadores:<\/strong> Para aprofundar o conhecimento sobre a Geografia Pol\u00edtica, o Direito Socioambiental e os estudos de <strong>Territ\u00f3rio<\/strong>.<\/li>\n\n\n\n<li><strong>Gestores e Ativistas:<\/strong> Para compreender a g\u00eanese dos <strong>conflitos socioambientais<\/strong> e planejar estrat\u00e9gias eficazes de <strong>luta<\/strong> e negocia\u00e7\u00e3o.<\/li>\n\n\n\n<li><strong>Sociedade em Geral:<\/strong> Para conscientizar-se sobre o valor da sociobiodiversidade e o impacto das a\u00e7\u00f5es predat\u00f3rias em diversas regi\u00f5es.<\/li>\n<\/ul>\n\n\n\n<hr class=\"wp-block-separator has-alpha-channel-opacity\"\/>\n\n\n\n<h2 class=\"wp-block-heading\">Baixe Agora Seu Guia Gratuito Sobre Lutas e Territorialidades<\/h2>\n\n\n\n<p>Se voc\u00ea quer compreender as diferentes <strong>perspectivas de luta<\/strong> e o conceito de <strong>territorialidades<\/strong> em contextos de tens\u00e3o, o eBook organizado por <strong>Reis e Paulo<\/strong> \u00e9 a sua melhor fonte.<\/p>\n\n\n\n<p>N\u00e3o perca esta oportunidade de ter acesso a um material de alta relev\u00e2ncia cient\u00edfica e social. O download \u00e9 gratuito e imediato.<\/p>\n\n\n\n<p><strong>CLIQUE AQUI PARA BAIXAR O EBOOK:<\/strong> <a target=\"_blank\" rel=\"noreferrer noopener\" href=\"https:\/\/editorapantanal.com.br\/ebooks.php?ebook_id=territorialidades-conflitos-socioambientais-e-perspectivas-de-luta&amp;ebook_ano=2025&amp;ebook_caps=1&amp;ebook_org=1\">Territorialidades, Conflitos Socioambientais e Perspectivas de Luta<\/a><\/p>\n","protected":false},"excerpt":{"rendered":"<p>A disputa por recursos e a apropria\u00e7\u00e3o do espa\u00e7o t\u00eam gerado alguns dos embates mais complexos e urgentes da atualidade. Entender a fundo as din\u00e2micas de conflitos socioambientais e as estrat\u00e9gias de resist\u00eancia \u00e9 essencial para quem atua ou estuda as quest\u00f5es do territ\u00f3rio no Brasil e no mundo. \u00c9 com esse foco que a [&hellip;]<\/p>\n","protected":false},"author":2,"featured_media":170,"comment_status":"open","ping_status":"open","sticky":false,"template":"","format":"standard","meta":{"footnotes":""},"categories":[16],"tags":[6,5,4],"class_list":["post-169","post","type-post","status-publish","format-standard","has-post-thumbnail","hentry","category-e-book","tag-ciencia","tag-divulgacao","tag-publicacao"],"blocksy_meta":[],"yoast_head":"<!-- This site is optimized with the Yoast SEO plugin v27.5 - https:\/\/yoast.com\/product\/yoast-seo-wordpress\/ -->\n<title>Territorialidades, Conflitos Socioambientais e Luta - Blog - Pantanal Editora<\/title>\n<meta name=\"description\" content=\"Entenda as din\u00e2micas de conflitos socioambientais e as perspectivas de luta pelo territ\u00f3rio no Brasil. Baixe o eBook gratuito organizado por Tiago Siqueira Reis e Ev\u00e2nio Mascarenhas Paulo.\" \/>\n<meta name=\"robots\" content=\"index, follow, max-snippet:-1, max-image-preview:large, max-video-preview:-1\" \/>\n<link rel=\"canonical\" href=\"https:\/\/editorapantanal.com.br\/blog\/2025\/09\/27\/conflitos-socioambientais-territorialidades-luta-ebook\/\" \/>\n<meta property=\"og:locale\" content=\"pt_PT\" \/>\n<meta property=\"og:type\" content=\"article\" \/>\n<meta property=\"og:title\" content=\"Territorialidades, Conflitos Socioambientais e Luta - Blog - Pantanal Editora\" \/>\n<meta property=\"og:description\" content=\"Entenda as din\u00e2micas de conflitos socioambientais e as perspectivas de luta pelo territ\u00f3rio no Brasil. Baixe o eBook gratuito organizado por Tiago Siqueira Reis e Ev\u00e2nio Mascarenhas Paulo.\" \/>\n<meta property=\"og:url\" content=\"https:\/\/editorapantanal.com.br\/blog\/2025\/09\/27\/conflitos-socioambientais-territorialidades-luta-ebook\/\" \/>\n<meta property=\"og:site_name\" content=\"Blog - Pantanal Editora\" \/>\n<meta property=\"article:published_time\" content=\"2025-09-27T12:32:26+00:00\" \/>\n<meta property=\"article:modified_time\" content=\"2025-09-27T12:32:27+00:00\" \/>\n<meta property=\"og:image\" content=\"https:\/\/editorapantanal.com.br\/blog\/wp-content\/uploads\/2025\/09\/capa-3.png\" \/>\n\t<meta property=\"og:image:width\" content=\"596\" \/>\n\t<meta property=\"og:image:height\" content=\"842\" \/>\n\t<meta property=\"og:image:type\" content=\"image\/png\" \/>\n<meta name=\"author\" content=\"Pantanal Editora\" \/>\n<meta name=\"twitter:card\" content=\"summary_large_image\" \/>\n<meta name=\"twitter:label1\" content=\"Escrito por\" \/>\n\t<meta name=\"twitter:data1\" content=\"Pantanal Editora\" \/>\n\t<meta name=\"twitter:label2\" content=\"Tempo estimado de leitura\" \/>\n\t<meta name=\"twitter:data2\" content=\"3 minutos\" \/>\n<script type=\"application\/ld+json\" class=\"yoast-schema-graph\">{\"@context\":\"https:\\\/\\\/schema.org\",\"@graph\":[{\"@type\":\"Article\",\"@id\":\"https:\\\/\\\/editorapantanal.com.br\\\/blog\\\/2025\\\/09\\\/27\\\/conflitos-socioambientais-territorialidades-luta-ebook\\\/#article\",\"isPartOf\":{\"@id\":\"https:\\\/\\\/editorapantanal.com.br\\\/blog\\\/2025\\\/09\\\/27\\\/conflitos-socioambientais-territorialidades-luta-ebook\\\/\"},\"author\":{\"name\":\"Pantanal Editora\",\"@id\":\"https:\\\/\\\/editorapantanal.com.br\\\/blog\\\/#\\\/schema\\\/person\\\/c7eb7ed8d34ab5ead00918c9c023e66f\"},\"headline\":\"Territorialidades, Conflitos Socioambientais e Luta\",\"datePublished\":\"2025-09-27T12:32:26+00:00\",\"dateModified\":\"2025-09-27T12:32:27+00:00\",\"mainEntityOfPage\":{\"@id\":\"https:\\\/\\\/editorapantanal.com.br\\\/blog\\\/2025\\\/09\\\/27\\\/conflitos-socioambientais-territorialidades-luta-ebook\\\/\"},\"wordCount\":412,\"commentCount\":0,\"publisher\":{\"@id\":\"https:\\\/\\\/editorapantanal.com.br\\\/blog\\\/#organization\"},\"image\":{\"@id\":\"https:\\\/\\\/editorapantanal.com.br\\\/blog\\\/2025\\\/09\\\/27\\\/conflitos-socioambientais-territorialidades-luta-ebook\\\/#primaryimage\"},\"thumbnailUrl\":\"https:\\\/\\\/editorapantanal.com.br\\\/blog\\\/wp-content\\\/uploads\\\/2025\\\/09\\\/capa-3.png\",\"keywords\":[\"Ci\u00eancia\",\"Divulga\u00e7\u00e3o\",\"Publica\u00e7\u00e3o\"],\"articleSection\":[\"E-book\"],\"inLanguage\":\"pt-PT\",\"potentialAction\":[{\"@type\":\"CommentAction\",\"name\":\"Comment\",\"target\":[\"https:\\\/\\\/editorapantanal.com.br\\\/blog\\\/2025\\\/09\\\/27\\\/conflitos-socioambientais-territorialidades-luta-ebook\\\/#respond\"]}]},{\"@type\":\"WebPage\",\"@id\":\"https:\\\/\\\/editorapantanal.com.br\\\/blog\\\/2025\\\/09\\\/27\\\/conflitos-socioambientais-territorialidades-luta-ebook\\\/\",\"url\":\"https:\\\/\\\/editorapantanal.com.br\\\/blog\\\/2025\\\/09\\\/27\\\/conflitos-socioambientais-territorialidades-luta-ebook\\\/\",\"name\":\"Territorialidades, Conflitos Socioambientais e Luta - Blog - Pantanal Editora\",\"isPartOf\":{\"@id\":\"https:\\\/\\\/editorapantanal.com.br\\\/blog\\\/#website\"},\"primaryImageOfPage\":{\"@id\":\"https:\\\/\\\/editorapantanal.com.br\\\/blog\\\/2025\\\/09\\\/27\\\/conflitos-socioambientais-territorialidades-luta-ebook\\\/#primaryimage\"},\"image\":{\"@id\":\"https:\\\/\\\/editorapantanal.com.br\\\/blog\\\/2025\\\/09\\\/27\\\/conflitos-socioambientais-territorialidades-luta-ebook\\\/#primaryimage\"},\"thumbnailUrl\":\"https:\\\/\\\/editorapantanal.com.br\\\/blog\\\/wp-content\\\/uploads\\\/2025\\\/09\\\/capa-3.png\",\"datePublished\":\"2025-09-27T12:32:26+00:00\",\"dateModified\":\"2025-09-27T12:32:27+00:00\",\"description\":\"Entenda as din\u00e2micas de conflitos socioambientais e as perspectivas de luta pelo territ\u00f3rio no Brasil. Baixe o eBook gratuito organizado por Tiago Siqueira Reis e Ev\u00e2nio Mascarenhas Paulo.\",\"breadcrumb\":{\"@id\":\"https:\\\/\\\/editorapantanal.com.br\\\/blog\\\/2025\\\/09\\\/27\\\/conflitos-socioambientais-territorialidades-luta-ebook\\\/#breadcrumb\"},\"inLanguage\":\"pt-PT\",\"potentialAction\":[{\"@type\":\"ReadAction\",\"target\":[\"https:\\\/\\\/editorapantanal.com.br\\\/blog\\\/2025\\\/09\\\/27\\\/conflitos-socioambientais-territorialidades-luta-ebook\\\/\"]}]},{\"@type\":\"ImageObject\",\"inLanguage\":\"pt-PT\",\"@id\":\"https:\\\/\\\/editorapantanal.com.br\\\/blog\\\/2025\\\/09\\\/27\\\/conflitos-socioambientais-territorialidades-luta-ebook\\\/#primaryimage\",\"url\":\"https:\\\/\\\/editorapantanal.com.br\\\/blog\\\/wp-content\\\/uploads\\\/2025\\\/09\\\/capa-3.png\",\"contentUrl\":\"https:\\\/\\\/editorapantanal.com.br\\\/blog\\\/wp-content\\\/uploads\\\/2025\\\/09\\\/capa-3.png\",\"width\":596,\"height\":842,\"caption\":\"Conflitos Socioambientais, Territorialidades, Luta, Meio Ambiente, Direitos Socioambientais, Tiago Siqueira Reis, Ev\u00e2nio Mascarenhas Paulo.\"},{\"@type\":\"BreadcrumbList\",\"@id\":\"https:\\\/\\\/editorapantanal.com.br\\\/blog\\\/2025\\\/09\\\/27\\\/conflitos-socioambientais-territorialidades-luta-ebook\\\/#breadcrumb\",\"itemListElement\":[{\"@type\":\"ListItem\",\"position\":1,\"name\":\"Home\",\"item\":\"https:\\\/\\\/editorapantanal.com.br\\\/blog\\\/\"},{\"@type\":\"ListItem\",\"position\":2,\"name\":\"Territorialidades, Conflitos Socioambientais e Luta\"}]},{\"@type\":\"WebSite\",\"@id\":\"https:\\\/\\\/editorapantanal.com.br\\\/blog\\\/#website\",\"url\":\"https:\\\/\\\/editorapantanal.com.br\\\/blog\\\/\",\"name\":\"Blog - Pantanal Editora\",\"description\":\"Artigos, Not&iacute;cias, Dicas e Atualiza&ccedil;&otilde;es sobre PUBLICA&Ccedil;&Atilde;O CIENT&Iacute;FICA\",\"publisher\":{\"@id\":\"https:\\\/\\\/editorapantanal.com.br\\\/blog\\\/#organization\"},\"potentialAction\":[{\"@type\":\"SearchAction\",\"target\":{\"@type\":\"EntryPoint\",\"urlTemplate\":\"https:\\\/\\\/editorapantanal.com.br\\\/blog\\\/?s={search_term_string}\"},\"query-input\":{\"@type\":\"PropertyValueSpecification\",\"valueRequired\":true,\"valueName\":\"search_term_string\"}}],\"inLanguage\":\"pt-PT\"},{\"@type\":\"Organization\",\"@id\":\"https:\\\/\\\/editorapantanal.com.br\\\/blog\\\/#organization\",\"name\":\"Blog - Pantanal Editora\",\"url\":\"https:\\\/\\\/editorapantanal.com.br\\\/blog\\\/\",\"logo\":{\"@type\":\"ImageObject\",\"inLanguage\":\"pt-PT\",\"@id\":\"https:\\\/\\\/editorapantanal.com.br\\\/blog\\\/#\\\/schema\\\/logo\\\/image\\\/\",\"url\":\"https:\\\/\\\/editorapantanal.com.br\\\/blog\\\/wp-content\\\/uploads\\\/2023\\\/08\\\/logo_PRETO.png\",\"contentUrl\":\"https:\\\/\\\/editorapantanal.com.br\\\/blog\\\/wp-content\\\/uploads\\\/2023\\\/08\\\/logo_PRETO.png\",\"width\":334,\"height\":222,\"caption\":\"Blog - Pantanal Editora\"},\"image\":{\"@id\":\"https:\\\/\\\/editorapantanal.com.br\\\/blog\\\/#\\\/schema\\\/logo\\\/image\\\/\"}},{\"@type\":\"Person\",\"@id\":\"https:\\\/\\\/editorapantanal.com.br\\\/blog\\\/#\\\/schema\\\/person\\\/c7eb7ed8d34ab5ead00918c9c023e66f\",\"name\":\"Pantanal Editora\",\"image\":{\"@type\":\"ImageObject\",\"inLanguage\":\"pt-PT\",\"@id\":\"https:\\\/\\\/secure.gravatar.com\\\/avatar\\\/94d7dd6793beb8185d2911c1e529e03b33dec540e8642856080fb4465d5f90af?s=96&d=mm&r=g\",\"url\":\"https:\\\/\\\/secure.gravatar.com\\\/avatar\\\/94d7dd6793beb8185d2911c1e529e03b33dec540e8642856080fb4465d5f90af?s=96&d=mm&r=g\",\"contentUrl\":\"https:\\\/\\\/secure.gravatar.com\\\/avatar\\\/94d7dd6793beb8185d2911c1e529e03b33dec540e8642856080fb4465d5f90af?s=96&d=mm&r=g\",\"caption\":\"Pantanal Editora\"},\"description\":\"Pantanal Editora A Pantanal Editora \u00e9 uma editora brasileira com sede em Nova Xavantina, Mato Grosso, fundada em 2019. Atua na publica\u00e7\u00e3o e divulga\u00e7\u00e3o de livros digitais (e-books) em diversas \u00e1reas do conhecimento. Acesse nosso Cat\u00e1logo. A maioria dos e-books publicados podem ser baixados e lidos gratuitamente no site da editora, e s\u00e3o distribu\u00eddos sob a licen\u00e7a Creative Commons - Atribui\u00e7\u00e3o-N\u00e3oComercial-CompartilhaIgual 4.0 Internacional. A editora possui um corpo editorial internacional qualificado que garante a qualidade dos livros publicados, desde a revis\u00e3o at\u00e9 a diagrama\u00e7\u00e3o. O processo de publica\u00e7\u00e3o de um e-book \u00e9 r\u00e1pido e eficiente, desde a submiss\u00e3o do manuscrito at\u00e9 a publica\u00e7\u00e3o final. Geralmente realizado em um prazo de dois meses. A revis\u00e3o \u00e9 realizada em duas etapas principais. 1\u00aa etapa: An\u00e1lise dos editores. O texto \u00e9 verificado quanto a sua adequa\u00e7\u00e3o \u00e0s normas de publica\u00e7\u00e3o da editora, quanto ao pl\u00e1gio e \u00e0s normas \u00e9ticas. 2\u00aa etapa: An\u00e1lise do organizador. Ap\u00f3s a aprova\u00e7\u00e3o pelos editores, o organizador revisar\u00e1 o texto por completo verificando os seguintes itens, preferencialmente: (a) originalidade, (b) gram\u00e1tica, (c) reda\u00e7\u00e3o e (d) refer\u00eancias bibliogr\u00e1ficas. A editora tamb\u00e9m oferece aos autores diversos servi\u00e7os de apoio, como revis\u00e3o textual, diagrama\u00e7\u00e3o, an\u00e1lise de dados, e divulga\u00e7\u00e3o.\",\"sameAs\":[\"https:\\\/\\\/editorapantanal.com.br\\\/blog\"],\"url\":\"https:\\\/\\\/editorapantanal.com.br\\\/blog\\\/author\\\/admin-2\\\/\"}]}<\/script>\n<!-- \/ Yoast SEO plugin. -->","yoast_head_json":{"title":"Territorialidades, Conflitos Socioambientais e Luta - Blog - Pantanal Editora","description":"Entenda as din\u00e2micas de conflitos socioambientais e as perspectivas de luta pelo territ\u00f3rio no Brasil. Baixe o eBook gratuito organizado por Tiago Siqueira Reis e Ev\u00e2nio Mascarenhas Paulo.","robots":{"index":"index","follow":"follow","max-snippet":"max-snippet:-1","max-image-preview":"max-image-preview:large","max-video-preview":"max-video-preview:-1"},"canonical":"https:\/\/editorapantanal.com.br\/blog\/2025\/09\/27\/conflitos-socioambientais-territorialidades-luta-ebook\/","og_locale":"pt_PT","og_type":"article","og_title":"Territorialidades, Conflitos Socioambientais e Luta - Blog - Pantanal Editora","og_description":"Entenda as din\u00e2micas de conflitos socioambientais e as perspectivas de luta pelo territ\u00f3rio no Brasil. Baixe o eBook gratuito organizado por Tiago Siqueira Reis e Ev\u00e2nio Mascarenhas Paulo.","og_url":"https:\/\/editorapantanal.com.br\/blog\/2025\/09\/27\/conflitos-socioambientais-territorialidades-luta-ebook\/","og_site_name":"Blog - Pantanal Editora","article_published_time":"2025-09-27T12:32:26+00:00","article_modified_time":"2025-09-27T12:32:27+00:00","og_image":[{"width":596,"height":842,"url":"https:\/\/editorapantanal.com.br\/blog\/wp-content\/uploads\/2025\/09\/capa-3.png","type":"image\/png"}],"author":"Pantanal Editora","twitter_card":"summary_large_image","twitter_misc":{"Escrito por":"Pantanal Editora","Tempo estimado de leitura":"3 minutos"},"schema":{"@context":"https:\/\/schema.org","@graph":[{"@type":"Article","@id":"https:\/\/editorapantanal.com.br\/blog\/2025\/09\/27\/conflitos-socioambientais-territorialidades-luta-ebook\/#article","isPartOf":{"@id":"https:\/\/editorapantanal.com.br\/blog\/2025\/09\/27\/conflitos-socioambientais-territorialidades-luta-ebook\/"},"author":{"name":"Pantanal Editora","@id":"https:\/\/editorapantanal.com.br\/blog\/#\/schema\/person\/c7eb7ed8d34ab5ead00918c9c023e66f"},"headline":"Territorialidades, Conflitos Socioambientais e Luta","datePublished":"2025-09-27T12:32:26+00:00","dateModified":"2025-09-27T12:32:27+00:00","mainEntityOfPage":{"@id":"https:\/\/editorapantanal.com.br\/blog\/2025\/09\/27\/conflitos-socioambientais-territorialidades-luta-ebook\/"},"wordCount":412,"commentCount":0,"publisher":{"@id":"https:\/\/editorapantanal.com.br\/blog\/#organization"},"image":{"@id":"https:\/\/editorapantanal.com.br\/blog\/2025\/09\/27\/conflitos-socioambientais-territorialidades-luta-ebook\/#primaryimage"},"thumbnailUrl":"https:\/\/editorapantanal.com.br\/blog\/wp-content\/uploads\/2025\/09\/capa-3.png","keywords":["Ci\u00eancia","Divulga\u00e7\u00e3o","Publica\u00e7\u00e3o"],"articleSection":["E-book"],"inLanguage":"pt-PT","potentialAction":[{"@type":"CommentAction","name":"Comment","target":["https:\/\/editorapantanal.com.br\/blog\/2025\/09\/27\/conflitos-socioambientais-territorialidades-luta-ebook\/#respond"]}]},{"@type":"WebPage","@id":"https:\/\/editorapantanal.com.br\/blog\/2025\/09\/27\/conflitos-socioambientais-territorialidades-luta-ebook\/","url":"https:\/\/editorapantanal.com.br\/blog\/2025\/09\/27\/conflitos-socioambientais-territorialidades-luta-ebook\/","name":"Territorialidades, Conflitos Socioambientais e Luta - Blog - Pantanal Editora","isPartOf":{"@id":"https:\/\/editorapantanal.com.br\/blog\/#website"},"primaryImageOfPage":{"@id":"https:\/\/editorapantanal.com.br\/blog\/2025\/09\/27\/conflitos-socioambientais-territorialidades-luta-ebook\/#primaryimage"},"image":{"@id":"https:\/\/editorapantanal.com.br\/blog\/2025\/09\/27\/conflitos-socioambientais-territorialidades-luta-ebook\/#primaryimage"},"thumbnailUrl":"https:\/\/editorapantanal.com.br\/blog\/wp-content\/uploads\/2025\/09\/capa-3.png","datePublished":"2025-09-27T12:32:26+00:00","dateModified":"2025-09-27T12:32:27+00:00","description":"Entenda as din\u00e2micas de conflitos socioambientais e as perspectivas de luta pelo territ\u00f3rio no Brasil. Baixe o eBook gratuito organizado por Tiago Siqueira Reis e Ev\u00e2nio Mascarenhas Paulo.","breadcrumb":{"@id":"https:\/\/editorapantanal.com.br\/blog\/2025\/09\/27\/conflitos-socioambientais-territorialidades-luta-ebook\/#breadcrumb"},"inLanguage":"pt-PT","potentialAction":[{"@type":"ReadAction","target":["https:\/\/editorapantanal.com.br\/blog\/2025\/09\/27\/conflitos-socioambientais-territorialidades-luta-ebook\/"]}]},{"@type":"ImageObject","inLanguage":"pt-PT","@id":"https:\/\/editorapantanal.com.br\/blog\/2025\/09\/27\/conflitos-socioambientais-territorialidades-luta-ebook\/#primaryimage","url":"https:\/\/editorapantanal.com.br\/blog\/wp-content\/uploads\/2025\/09\/capa-3.png","contentUrl":"https:\/\/editorapantanal.com.br\/blog\/wp-content\/uploads\/2025\/09\/capa-3.png","width":596,"height":842,"caption":"Conflitos Socioambientais, Territorialidades, Luta, Meio Ambiente, Direitos Socioambientais, Tiago Siqueira Reis, Ev\u00e2nio Mascarenhas Paulo."},{"@type":"BreadcrumbList","@id":"https:\/\/editorapantanal.com.br\/blog\/2025\/09\/27\/conflitos-socioambientais-territorialidades-luta-ebook\/#breadcrumb","itemListElement":[{"@type":"ListItem","position":1,"name":"Home","item":"https:\/\/editorapantanal.com.br\/blog\/"},{"@type":"ListItem","position":2,"name":"Territorialidades, Conflitos Socioambientais e Luta"}]},{"@type":"WebSite","@id":"https:\/\/editorapantanal.com.br\/blog\/#website","url":"https:\/\/editorapantanal.com.br\/blog\/","name":"Blog - Pantanal Editora","description":"Artigos, Not&iacute;cias, Dicas e Atualiza&ccedil;&otilde;es sobre PUBLICA&Ccedil;&Atilde;O CIENT&Iacute;FICA","publisher":{"@id":"https:\/\/editorapantanal.com.br\/blog\/#organization"},"potentialAction":[{"@type":"SearchAction","target":{"@type":"EntryPoint","urlTemplate":"https:\/\/editorapantanal.com.br\/blog\/?s={search_term_string}"},"query-input":{"@type":"PropertyValueSpecification","valueRequired":true,"valueName":"search_term_string"}}],"inLanguage":"pt-PT"},{"@type":"Organization","@id":"https:\/\/editorapantanal.com.br\/blog\/#organization","name":"Blog - Pantanal Editora","url":"https:\/\/editorapantanal.com.br\/blog\/","logo":{"@type":"ImageObject","inLanguage":"pt-PT","@id":"https:\/\/editorapantanal.com.br\/blog\/#\/schema\/logo\/image\/","url":"https:\/\/editorapantanal.com.br\/blog\/wp-content\/uploads\/2023\/08\/logo_PRETO.png","contentUrl":"https:\/\/editorapantanal.com.br\/blog\/wp-content\/uploads\/2023\/08\/logo_PRETO.png","width":334,"height":222,"caption":"Blog - Pantanal Editora"},"image":{"@id":"https:\/\/editorapantanal.com.br\/blog\/#\/schema\/logo\/image\/"}},{"@type":"Person","@id":"https:\/\/editorapantanal.com.br\/blog\/#\/schema\/person\/c7eb7ed8d34ab5ead00918c9c023e66f","name":"Pantanal Editora","image":{"@type":"ImageObject","inLanguage":"pt-PT","@id":"https:\/\/secure.gravatar.com\/avatar\/94d7dd6793beb8185d2911c1e529e03b33dec540e8642856080fb4465d5f90af?s=96&d=mm&r=g","url":"https:\/\/secure.gravatar.com\/avatar\/94d7dd6793beb8185d2911c1e529e03b33dec540e8642856080fb4465d5f90af?s=96&d=mm&r=g","contentUrl":"https:\/\/secure.gravatar.com\/avatar\/94d7dd6793beb8185d2911c1e529e03b33dec540e8642856080fb4465d5f90af?s=96&d=mm&r=g","caption":"Pantanal Editora"},"description":"Pantanal Editora A Pantanal Editora \u00e9 uma editora brasileira com sede em Nova Xavantina, Mato Grosso, fundada em 2019. Atua na publica\u00e7\u00e3o e divulga\u00e7\u00e3o de livros digitais (e-books) em diversas \u00e1reas do conhecimento. Acesse nosso Cat\u00e1logo. A maioria dos e-books publicados podem ser baixados e lidos gratuitamente no site da editora, e s\u00e3o distribu\u00eddos sob a licen\u00e7a Creative Commons - Atribui\u00e7\u00e3o-N\u00e3oComercial-CompartilhaIgual 4.0 Internacional. A editora possui um corpo editorial internacional qualificado que garante a qualidade dos livros publicados, desde a revis\u00e3o at\u00e9 a diagrama\u00e7\u00e3o. O processo de publica\u00e7\u00e3o de um e-book \u00e9 r\u00e1pido e eficiente, desde a submiss\u00e3o do manuscrito at\u00e9 a publica\u00e7\u00e3o final. Geralmente realizado em um prazo de dois meses. A revis\u00e3o \u00e9 realizada em duas etapas principais. 1\u00aa etapa: An\u00e1lise dos editores. O texto \u00e9 verificado quanto a sua adequa\u00e7\u00e3o \u00e0s normas de publica\u00e7\u00e3o da editora, quanto ao pl\u00e1gio e \u00e0s normas \u00e9ticas. 2\u00aa etapa: An\u00e1lise do organizador. Ap\u00f3s a aprova\u00e7\u00e3o pelos editores, o organizador revisar\u00e1 o texto por completo verificando os seguintes itens, preferencialmente: (a) originalidade, (b) gram\u00e1tica, (c) reda\u00e7\u00e3o e (d) refer\u00eancias bibliogr\u00e1ficas. A editora tamb\u00e9m oferece aos autores diversos servi\u00e7os de apoio, como revis\u00e3o textual, diagrama\u00e7\u00e3o, an\u00e1lise de dados, e divulga\u00e7\u00e3o.","sameAs":["https:\/\/editorapantanal.com.br\/blog"],"url":"https:\/\/editorapantanal.com.br\/blog\/author\/admin-2\/"}]}},"_links":{"self":[{"href":"https:\/\/editorapantanal.com.br\/blog\/wp-json\/wp\/v2\/posts\/169","targetHints":{"allow":["GET"]}}],"collection":[{"href":"https:\/\/editorapantanal.com.br\/blog\/wp-json\/wp\/v2\/posts"}],"about":[{"href":"https:\/\/editorapantanal.com.br\/blog\/wp-json\/wp\/v2\/types\/post"}],"author":[{"embeddable":true,"href":"https:\/\/editorapantanal.com.br\/blog\/wp-json\/wp\/v2\/users\/2"}],"replies":[{"embeddable":true,"href":"https:\/\/editorapantanal.com.br\/blog\/wp-json\/wp\/v2\/comments?post=169"}],"version-history":[{"count":1,"href":"https:\/\/editorapantanal.com.br\/blog\/wp-json\/wp\/v2\/posts\/169\/revisions"}],"predecessor-version":[{"id":171,"href":"https:\/\/editorapantanal.com.br\/blog\/wp-json\/wp\/v2\/posts\/169\/revisions\/171"}],"wp:featuredmedia":[{"embeddable":true,"href":"https:\/\/editorapantanal.com.br\/blog\/wp-json\/wp\/v2\/media\/170"}],"wp:attachment":[{"href":"https:\/\/editorapantanal.com.br\/blog\/wp-json\/wp\/v2\/media?parent=169"}],"wp:term":[{"taxonomy":"category","embeddable":true,"href":"https:\/\/editorapantanal.com.br\/blog\/wp-json\/wp\/v2\/categories?post=169"},{"taxonomy":"post_tag","embeddable":true,"href":"https:\/\/editorapantanal.com.br\/blog\/wp-json\/wp\/v2\/tags?post=169"}],"curies":[{"name":"wp","href":"https:\/\/api.w.org\/{rel}","templated":true}]}}